{"id":763,"date":"2016-02-16T16:21:30","date_gmt":"2016-02-16T16:21:30","guid":{"rendered":"http:\/\/romanianspring.com\/a\/ro\/uncategorized-ro\/in-search-of-essence-constantin-brancusi\/"},"modified":"2016-02-16T17:49:36","modified_gmt":"2016-02-16T17:49:36","slug":"in-search-of-essence-constantin-brancusi","status":"publish","type":"post","link":"https:\/\/romanianspring.com\/ro\/traditie-inovatie\/in-search-of-essence-constantin-brancusi\/","title":{"rendered":"\u00cen c\u0103utarea esen\u021bei: Constantin Br\u00e2ncu\u0219i"},"content":{"rendered":"<p class=\"p1\"><img loading=\"lazy\" class=\"alignright wp-image-720 size-medium\" src=\"http:\/\/romanianspring.com\/a\/wp-content\/uploads\/2015\/12\/eric-rosenbloom-brancusi-colorostariu-sm-332x500.jpg\" alt=\"eric-rosenbloom-brancusi-colorostariu-sm\" width=\"332\" height=\"500\" srcset=\"https:\/\/romanianspring.com\/a\/wp-content\/uploads\/2015\/12\/eric-rosenbloom-brancusi-colorostariu-sm-332x500.jpg 332w, https:\/\/romanianspring.com\/a\/wp-content\/uploads\/2015\/12\/eric-rosenbloom-brancusi-colorostariu-sm-768x1156.jpg 768w, https:\/\/romanianspring.com\/a\/wp-content\/uploads\/2015\/12\/eric-rosenbloom-brancusi-colorostariu-sm-680x1024.jpg 680w, https:\/\/romanianspring.com\/a\/wp-content\/uploads\/2015\/12\/eric-rosenbloom-brancusi-colorostariu-sm.jpg 900w\" sizes=\"(max-width: 332px) 100vw, 332px\" \/><\/p>\n<p class=\"p1\"><span class=\"s1\">Un \u021b\u0103ran rom\u00e2n \u00een c\u0103utarea esen\u021bei, Br\u00e2ncu\u0219i a pornit lungul s\u0103u drum pe jos spre Paris \u0219i a ajuns \u00een 1904 \u00eentr-un loc clocotind de art\u0103 \u0219i literatur\u0103. Era una dintre cele mai efervescente perioade pentru art\u0103 \u00een Paris, locul unde orice artist \u00ee\u0219i dorea s\u0103 fie, \u0219i mult\u0103 vreme a continuat sa r\u0103m\u00e2n\u0103 a\u0219a. La mul\u021bi ani dup\u0103 sosirea lui Br\u00e2ncu\u0219i, Marchel Duchamp a creat o lucrare de art\u0103 conceptual\u0103 \u00een care a \u00eembuteliat aerul Parisului \u00eentr-o sticlu\u021b\u0103 pentru a o oferi \u00een dar unui om care avea deja tot ce putea fi cump\u0103rat.<\/span><\/p>\n<p class=\"p1\"><span class=\"s1\">Dup\u0103 ce audiaz\u0103 cursurile de la \u00c9cole des Beaux-Arts, Br\u00e2ncu\u0219i este invitat s\u0103 lucreze \u00een atelierul lui Rodin, dar \u00eel p\u0103r\u0103se\u0219te la scurt timp, declar\u00e2nd c\u0103 \u201cNimic nu poate cre\u0219te la umbra stejarilor m\u0103re\u021bi\u201c. \u00cencepe s\u0103 \u00ee\u0219i dezvolte propriul stil, desp\u0103r\u021bindu-se de tradi\u021bia figurativ\u0103 \u0219i trec\u00e2nd la tehnica cioplirii directe. Imitarea detaliat\u0103 a naturii nu prezenta interes pentru Br\u00e2ncu\u0219i, de\u0219i una dintre lucr\u0103rile lui timpurii, <i>\u00c9corch\u00e9<\/i>-ul, un trup dezgolit de piele pentru a ilustra anatomia uman\u0103 era realizat at\u00e2t de precis, \u00eenc\u00e2t a fost folosit de c\u0103tre studen\u021bii de la medicin\u0103.<\/span><\/p>\n<blockquote>\n<p class=\"p3\"><span class=\"s1\">\u201cEu am f\u0103cut piatra s\u0103 c\u00eente &#8211; pentru Umanitate.\u201d<\/span><\/p>\n<\/blockquote>\n<p class=\"p1\"><span class=\"s1\">Cercul de prieteni ai lui Br\u00e2ncu\u0219i \u00eei includea pe Henri Matisse, Eric Satie, Guillaume Apollinaire, Amedeo Modigliani, Marcel Duchamp, Fernand L\u00e9ger, Henri Rousseau, Francis Picabia \u0219i Tristan Tzara. Adesea erau invita\u021bi s\u0103 m\u0103n\u00e2nce m\u00e2ncarea simpl\u0103, \u021b\u0103r\u0103neasc\u0103, pe care Br\u00e2ncu\u0219i o g\u0103tea cu pl\u0103cere la el acas\u0103, unde aproape fiecare obiect fusese f\u0103cut de m\u00e2na lui.<\/span><\/p>\n<p class=\"p1\"><span class=\"s1\">Man Ray \u00eei sf\u0103tuia \u00een ale fotografiei, c\u0103ci Br\u00e2ncu\u0219i hot\u0103r\u00e2se s\u0103-\u0219i fotografieze lucr\u0103rile \u0219i atelierul. Astfel, au fost studiate \u0219i fotografiate din diferite unghiuri, rezult\u00e2nd o colec\u021bie considerabil\u0103. O serie de autoportrete au r\u0103mas m\u0103rturie folosirii acestui mediu fotografic.<\/span><\/p>\n<blockquote>\n<p class=\"p3\"><span class=\"s1\">\u201cEu nu sunt nici suprarealist, nici baroc, nici cubist; \u015fi nici alt\u00adceva de soiul acesta; eu, cu noul meu, vin din ceva care este foarte vechi\u2026\u201d<\/span><\/p>\n<\/blockquote>\n<p class=\"p1\"><span class=\"s1\">\u00cen realizarea lucr\u0103rilor <i>Rug\u0103ciune<\/i> (1907), urmat\u0103 de <i>\u00cen\u021belepciune<\/i> \u0219i <i>Cumin\u021benia P\u0103m\u00e2ntului<\/i>, Br\u00e2ncu\u0219i introdus o schimbare de stil care reflect\u0103 evolu\u021bia c\u0103tre formele simplificate.<\/span><\/p>\n<p class=\"p1\"><span class=\"s1\">Una dintre lucr\u0103rile anterioare, <i>Somnul<\/i>, a fost o sculptur\u0103 figurativ\u0103 a unui cap feminin care se ive\u0219te din materie \u0219i pare a pluti \u00eentr-un nor. \u00cen 1909 \u00eencepe o serie de <i>Muze adormite<\/i>, unele sculptate \u00een marmur\u0103, altele \u00een bronz, cu capete odihnind lini\u0219tite, eliberate de orice detaliu \u00een plus.<\/span><\/p>\n<p class=\"p1\"><span class=\"s1\">Mai t\u00e2rziu, multe versiuni ale <i>S\u0103rutului<\/i> \u0219i ale <i>P\u0103s\u0103rii \u00een spa\u021biu<\/i> vor trece prin transform\u0103ri succesive pentru a \u00eentrupa esen\u021ba. <i>S\u0103rutul<\/i> se va transforma dintr-o \u00eembr\u0103\u021bi\u0219are cubist\u0103 a unui cuplu, \u00eentr-o pereche de ochi \u00eencercuite de o linie dubl\u0103 \u00een <i>Poarta S\u0103rutului<\/i>. <i>Pe\u0219tele<\/i> \u0219i <i>M\u0103iastra<\/i>, pas\u0103rea fermecat\u0103 din pove\u0219tile rom\u00e2ne\u0219ti, devin \u0219i ele subiecte ale altor serii. Piedestalele devin parte integral\u0103 a sculpturii, sau, ca \u00een cazul lucr\u0103rii <i>Adam<\/i>, baza lucr\u0103rii <i>Adam \u0219i Eva<\/i>.<\/span><\/p>\n<blockquote>\n<p class=\"p3\"><span class=\"s1\">\u201cEu nu am c\u0103utat, \u00een toat\u0103 via\u0163a mea, dec\u00eet esen\u0163a zborului! Zborul &#8211; ce fericire!\u2026\u201d <\/span><\/p>\n<\/blockquote>\n<p class=\"p1\"><span class=\"s1\">\u00cen 1914, Br\u00e2ncu\u0219i are prima expozi\u021bie personal\u0103 la New York, la galeria lui Alfred Stieglitz. \u00cen 1926 merge \u00een Statele Unite de dou\u0103 ori, pentru expozi\u021bii personale la galeriile Wildenstein \u0219i Brummer din New York. Un proces cu valoare istoric\u0103 intentat \u00een Statele Unite a fost necesar pentru a determina dac\u0103 <i>Pas\u0103rea \u00een spa\u021biu<\/i>, cu forma ei dinamic\u0103 ca a unei aripi de avion modern, trebuie s\u0103 fie v\u0103muit\u0103 ca obiect industrial. Decizia cur\u021bii a fost c\u0103 sculptura este o oper\u0103 de art\u0103.<\/span><\/p>\n<p class=\"p1\"><span class=\"s1\"> \u00cen 1920 o alt\u0103 controvers\u0103 avusese loc c\u00e2nd <i>Prin\u021besa X<\/i> a fost expus\u0103 la Paris \u0219i eliminat\u0103 pe motiv de obscenitate. Br\u00e2ncu\u0219i a insistat c\u0103 sculptura reprezenta un ideal feminin.<\/span><\/p>\n<blockquote>\n<p class=\"p3\"><span class=\"s1\">\u201cElementele Coloanelor mele infinite nu s\u00eent altceva dec\u00eet \u00eens\u0103\u015fi respira\u0163ia omului, propriul ei ritm\u2026\u201d<\/span><\/p>\n<\/blockquote>\n<p class=\"p1\"><span class=\"s1\">Ansamblul monumental de la T\u00e2rgu Jiu, dedicat eroilor din primul r\u0103zboi mondial, este format din <i>Masa T\u0103cerii<\/i>, continuat de <i>Aleea Scaunelor <\/i>p\u00e2n\u0103 la <i>Poarta S\u0103rutului<\/i> \u0219i <i>Coloana Infinit\u0103<\/i>, care se ridic\u0103 \u00een mijlocul unui parc ce-i poart\u0103 numele. <i>Masa T\u0103cerii<\/i> poate fi v\u0103zut\u0103 ca o contemplare a trecerii timpului, cu cele dou\u0103sprezece scaune ca ni\u0219te clepsidre, un \u201ccerc care adun\u0103 \u0219i une\u0219te\u201d oamenii, dup\u0103 cum spunea Br\u00e2ncu\u0219i. <i>Poarta S\u0103rutului<\/i> simbolizeaz\u0103 trecerea de la via\u021b\u0103 \u00een t\u0103r\u00e2mul mor\u021bii \u0219i reprezint\u0103 dragostea. <i>Coloana Infinit\u0103<\/i> este o celebrare a vie\u021bii \u0219i mor\u021bii, eterna aspira\u021bie c\u0103tre absolut.<\/span><\/p>\n<p class=\"p1\"><span class=\"s1\">Foto: Eric Rosenbloom<br \/>\n<\/span><span class=\"s1\">Colorizare<\/span><span class=\"s1\">: Florin Ro\u0219tariu<span class=\"gray-link\"><a href=\"https:\/\/www.facebook.com\/Colorostariu\/\">,<\/a>\u00a0<\/span><\/span><span class=\"gray-link\"><a href=\"https:\/\/www.facebook.com\/Colorostariu\/\"><span class=\"s1\">Colorostariu<\/span><\/a><\/span><\/p>\n","protected":false},"excerpt":{"rendered":"<p>Un \u021b\u0103ran rom\u00e2n \u00een c\u0103utarea esen\u021bei, Br\u00e2ncu\u0219i a pornit lungul s\u0103u drum pe jos spre Paris \u0219i a ajuns \u00een 1904 \u00eentr-un loc clocotind de art\u0103 \u0219i literatur\u0103. Era una dintre cele mai efervescente perioade pentru art\u0103 \u00een Paris, locul unde orice artist \u00ee\u0219i dorea s\u0103 fie, \u0219i mult\u0103 vreme a continuat sa r\u0103m\u00e2n\u0103 a\u0219a. <a class=\"read-more\" href=\"https:\/\/romanianspring.com\/ro\/traditie-inovatie\/in-search-of-essence-constantin-brancusi\/\">Read More ><\/a><\/p>\n","protected":false},"author":9,"featured_media":720,"comment_status":"open","ping_status":"open","sticky":false,"template":"","format":"standard","meta":[],"categories":[30,51],"tags":[427,428,429,430,114,431,377,432,378,379,380,381,383,422,423,424,425,426],"yoast_head":"<!-- This site is optimized with the Yoast SEO plugin v19.4 - https:\/\/yoast.com\/wordpress\/plugins\/seo\/ -->\n<title>\u00cen c\u0103utarea esen\u021bei: Constantin Br\u00e2ncu\u0219i - Romanian Spring<\/title>\n<meta name=\"robots\" content=\"index, follow, max-snippet:-1, max-image-preview:large, max-video-preview:-1\" \/>\n<link rel=\"canonical\" href=\"https:\/\/romanianspring.com\/ro\/traditie-inovatie\/in-search-of-essence-constantin-brancusi\/\" \/>\n<meta property=\"og:locale\" content=\"ro_RO\" \/>\n<meta property=\"og:type\" content=\"article\" \/>\n<meta property=\"og:title\" content=\"\u00cen c\u0103utarea esen\u021bei: Constantin Br\u00e2ncu\u0219i - Romanian Spring\" \/>\n<meta property=\"og:description\" content=\"Un \u021b\u0103ran rom\u00e2n \u00een c\u0103utarea esen\u021bei, Br\u00e2ncu\u0219i a pornit lungul s\u0103u drum pe jos spre Paris \u0219i a ajuns \u00een 1904 \u00eentr-un loc clocotind de art\u0103 \u0219i literatur\u0103. Era una dintre cele mai efervescente perioade pentru art\u0103 \u00een Paris, locul unde orice artist \u00ee\u0219i dorea s\u0103 fie, \u0219i mult\u0103 vreme a continuat sa r\u0103m\u00e2n\u0103 a\u0219a. Read More &gt;\" \/>\n<meta property=\"og:url\" content=\"https:\/\/romanianspring.com\/ro\/traditie-inovatie\/in-search-of-essence-constantin-brancusi\/\" \/>\n<meta property=\"og:site_name\" content=\"Romanian Spring\" \/>\n<meta property=\"article:published_time\" content=\"2016-02-16T16:21:30+00:00\" \/>\n<meta property=\"article:modified_time\" content=\"2016-02-16T17:49:36+00:00\" \/>\n<meta property=\"og:image\" content=\"https:\/\/romanianspring.com\/a\/wp-content\/uploads\/2015\/12\/eric-rosenbloom-brancusi-colorostariu-sm.jpg\" \/>\n\t<meta property=\"og:image:width\" content=\"900\" \/>\n\t<meta property=\"og:image:height\" content=\"1355\" \/>\n\t<meta property=\"og:image:type\" content=\"image\/jpeg\" \/>\n<meta name=\"author\" content=\"RoSpring\" \/>\n<meta name=\"twitter:card\" content=\"summary\" \/>\n<meta name=\"twitter:label1\" content=\"Scris de\" \/>\n\t<meta name=\"twitter:data1\" content=\"RoSpring\" \/>\n\t<meta name=\"twitter:label2\" content=\"Timp estimat pentru citire\" \/>\n\t<meta name=\"twitter:data2\" content=\"4 minute\" \/>\n<script type=\"application\/ld+json\" class=\"yoast-schema-graph\">{\"@context\":\"https:\/\/schema.org\",\"@graph\":[{\"@type\":\"Organization\",\"@id\":\"https:\/\/romanianspring.com\/#organization\",\"name\":\"Romanian Spring\",\"url\":\"https:\/\/romanianspring.com\/\",\"sameAs\":[],\"logo\":{\"@type\":\"ImageObject\",\"inLanguage\":\"ro-RO\",\"@id\":\"https:\/\/romanianspring.com\/#\/schema\/logo\/image\/\",\"url\":\"http:\/\/romanianspring.com\/a\/wp-content\/uploads\/2015\/09\/New-icon-42-Short-Look.png\",\"contentUrl\":\"http:\/\/romanianspring.com\/a\/wp-content\/uploads\/2015\/09\/New-icon-42-Short-Look.png\",\"width\":196,\"height\":196,\"caption\":\"Romanian Spring\"},\"image\":{\"@id\":\"https:\/\/romanianspring.com\/#\/schema\/logo\/image\/\"}},{\"@type\":\"WebSite\",\"@id\":\"https:\/\/romanianspring.com\/#website\",\"url\":\"https:\/\/romanianspring.com\/\",\"name\":\"Romanian Spring\",\"description\":\"\",\"publisher\":{\"@id\":\"https:\/\/romanianspring.com\/#organization\"},\"potentialAction\":[{\"@type\":\"SearchAction\",\"target\":{\"@type\":\"EntryPoint\",\"urlTemplate\":\"https:\/\/romanianspring.com\/?s={search_term_string}\"},\"query-input\":\"required name=search_term_string\"}],\"inLanguage\":\"ro-RO\"},{\"@type\":\"WebPage\",\"@id\":\"https:\/\/romanianspring.com\/ro\/traditie-inovatie\/in-search-of-essence-constantin-brancusi\/\",\"url\":\"https:\/\/romanianspring.com\/ro\/traditie-inovatie\/in-search-of-essence-constantin-brancusi\/\",\"name\":\"\u00cen c\u0103utarea esen\u021bei: Constantin Br\u00e2ncu\u0219i - Romanian Spring\",\"isPartOf\":{\"@id\":\"https:\/\/romanianspring.com\/#website\"},\"datePublished\":\"2016-02-16T16:21:30+00:00\",\"dateModified\":\"2016-02-16T17:49:36+00:00\",\"breadcrumb\":{\"@id\":\"https:\/\/romanianspring.com\/ro\/traditie-inovatie\/in-search-of-essence-constantin-brancusi\/#breadcrumb\"},\"inLanguage\":\"ro-RO\",\"potentialAction\":[{\"@type\":\"ReadAction\",\"target\":[\"https:\/\/romanianspring.com\/ro\/traditie-inovatie\/in-search-of-essence-constantin-brancusi\/\"]}]},{\"@type\":\"BreadcrumbList\",\"@id\":\"https:\/\/romanianspring.com\/ro\/traditie-inovatie\/in-search-of-essence-constantin-brancusi\/#breadcrumb\",\"itemListElement\":[{\"@type\":\"ListItem\",\"position\":1,\"name\":\"Home\",\"item\":\"http:\/\/romanianspring.com\/ro\/\"},{\"@type\":\"ListItem\",\"position\":2,\"name\":\"\u00cen c\u0103utarea esen\u021bei: Constantin Br\u00e2ncu\u0219i\"}]},{\"@type\":\"Article\",\"@id\":\"https:\/\/romanianspring.com\/ro\/traditie-inovatie\/in-search-of-essence-constantin-brancusi\/#article\",\"isPartOf\":{\"@id\":\"https:\/\/romanianspring.com\/ro\/traditie-inovatie\/in-search-of-essence-constantin-brancusi\/\"},\"author\":{\"name\":\"RoSpring\",\"@id\":\"https:\/\/romanianspring.com\/#\/schema\/person\/85f7e1f00362e050a72279ea62599781\"},\"headline\":\"\u00cen c\u0103utarea esen\u021bei: Constantin Br\u00e2ncu\u0219i\",\"datePublished\":\"2016-02-16T16:21:30+00:00\",\"dateModified\":\"2016-02-16T17:49:36+00:00\",\"mainEntityOfPage\":{\"@id\":\"https:\/\/romanianspring.com\/ro\/traditie-inovatie\/in-search-of-essence-constantin-brancusi\/\"},\"wordCount\":845,\"commentCount\":0,\"publisher\":{\"@id\":\"https:\/\/romanianspring.com\/#organization\"},\"keywords\":[\"somn\",\"muza\",\"pasare in spatiu\",\"rugaciune\",\"brancusi\",\"sarutul\",\"kiss\",\"pestele\",\"maiastra\",\"muse\",\"paris\",\"prayer\",\"targu jiu\",\"esenta\",\"cautare\",\"coloana infinita\",\"masa tacerii\",\"intelepciune\"],\"articleSection\":[\"Tradi\u021bie &amp; Inova\u021bie\",\"Personalit\u0103\u021bi\"],\"inLanguage\":\"ro-RO\",\"potentialAction\":[{\"@type\":\"CommentAction\",\"name\":\"Comment\",\"target\":[\"https:\/\/romanianspring.com\/ro\/traditie-inovatie\/in-search-of-essence-constantin-brancusi\/#respond\"]}]},{\"@type\":\"Person\",\"@id\":\"https:\/\/romanianspring.com\/#\/schema\/person\/85f7e1f00362e050a72279ea62599781\",\"name\":\"RoSpring\",\"image\":{\"@type\":\"ImageObject\",\"inLanguage\":\"ro-RO\",\"@id\":\"https:\/\/romanianspring.com\/#\/schema\/person\/image\/\",\"url\":\"https:\/\/secure.gravatar.com\/avatar\/61a337e82de430e22bfdf4da05760536?s=96&d=mm&r=g\",\"contentUrl\":\"https:\/\/secure.gravatar.com\/avatar\/61a337e82de430e22bfdf4da05760536?s=96&d=mm&r=g\",\"caption\":\"RoSpring\"},\"url\":\"https:\/\/romanianspring.com\/ro\/author\/rospring\/\"}]}<\/script>\n<!-- \/ Yoast SEO plugin. -->","yoast_head_json":{"title":"\u00cen c\u0103utarea esen\u021bei: Constantin Br\u00e2ncu\u0219i - Romanian Spring","robots":{"index":"index","follow":"follow","max-snippet":"max-snippet:-1","max-image-preview":"max-image-preview:large","max-video-preview":"max-video-preview:-1"},"canonical":"https:\/\/romanianspring.com\/ro\/traditie-inovatie\/in-search-of-essence-constantin-brancusi\/","og_locale":"ro_RO","og_type":"article","og_title":"\u00cen c\u0103utarea esen\u021bei: Constantin Br\u00e2ncu\u0219i - Romanian Spring","og_description":"Un \u021b\u0103ran rom\u00e2n \u00een c\u0103utarea esen\u021bei, Br\u00e2ncu\u0219i a pornit lungul s\u0103u drum pe jos spre Paris \u0219i a ajuns \u00een 1904 \u00eentr-un loc clocotind de art\u0103 \u0219i literatur\u0103. Era una dintre cele mai efervescente perioade pentru art\u0103 \u00een Paris, locul unde orice artist \u00ee\u0219i dorea s\u0103 fie, \u0219i mult\u0103 vreme a continuat sa r\u0103m\u00e2n\u0103 a\u0219a. Read More >","og_url":"https:\/\/romanianspring.com\/ro\/traditie-inovatie\/in-search-of-essence-constantin-brancusi\/","og_site_name":"Romanian Spring","article_published_time":"2016-02-16T16:21:30+00:00","article_modified_time":"2016-02-16T17:49:36+00:00","og_image":[{"width":900,"height":1355,"url":"https:\/\/romanianspring.com\/a\/wp-content\/uploads\/2015\/12\/eric-rosenbloom-brancusi-colorostariu-sm.jpg","type":"image\/jpeg"}],"author":"RoSpring","twitter_card":"summary","twitter_misc":{"Scris de":"RoSpring","Timp estimat pentru citire":"4 minute"},"schema":{"@context":"https:\/\/schema.org","@graph":[{"@type":"Organization","@id":"https:\/\/romanianspring.com\/#organization","name":"Romanian Spring","url":"https:\/\/romanianspring.com\/","sameAs":[],"logo":{"@type":"ImageObject","inLanguage":"ro-RO","@id":"https:\/\/romanianspring.com\/#\/schema\/logo\/image\/","url":"http:\/\/romanianspring.com\/a\/wp-content\/uploads\/2015\/09\/New-icon-42-Short-Look.png","contentUrl":"http:\/\/romanianspring.com\/a\/wp-content\/uploads\/2015\/09\/New-icon-42-Short-Look.png","width":196,"height":196,"caption":"Romanian Spring"},"image":{"@id":"https:\/\/romanianspring.com\/#\/schema\/logo\/image\/"}},{"@type":"WebSite","@id":"https:\/\/romanianspring.com\/#website","url":"https:\/\/romanianspring.com\/","name":"Romanian Spring","description":"","publisher":{"@id":"https:\/\/romanianspring.com\/#organization"},"potentialAction":[{"@type":"SearchAction","target":{"@type":"EntryPoint","urlTemplate":"https:\/\/romanianspring.com\/?s={search_term_string}"},"query-input":"required name=search_term_string"}],"inLanguage":"ro-RO"},{"@type":"WebPage","@id":"https:\/\/romanianspring.com\/ro\/traditie-inovatie\/in-search-of-essence-constantin-brancusi\/","url":"https:\/\/romanianspring.com\/ro\/traditie-inovatie\/in-search-of-essence-constantin-brancusi\/","name":"\u00cen c\u0103utarea esen\u021bei: Constantin Br\u00e2ncu\u0219i - Romanian Spring","isPartOf":{"@id":"https:\/\/romanianspring.com\/#website"},"datePublished":"2016-02-16T16:21:30+00:00","dateModified":"2016-02-16T17:49:36+00:00","breadcrumb":{"@id":"https:\/\/romanianspring.com\/ro\/traditie-inovatie\/in-search-of-essence-constantin-brancusi\/#breadcrumb"},"inLanguage":"ro-RO","potentialAction":[{"@type":"ReadAction","target":["https:\/\/romanianspring.com\/ro\/traditie-inovatie\/in-search-of-essence-constantin-brancusi\/"]}]},{"@type":"BreadcrumbList","@id":"https:\/\/romanianspring.com\/ro\/traditie-inovatie\/in-search-of-essence-constantin-brancusi\/#breadcrumb","itemListElement":[{"@type":"ListItem","position":1,"name":"Home","item":"http:\/\/romanianspring.com\/ro\/"},{"@type":"ListItem","position":2,"name":"\u00cen c\u0103utarea esen\u021bei: Constantin Br\u00e2ncu\u0219i"}]},{"@type":"Article","@id":"https:\/\/romanianspring.com\/ro\/traditie-inovatie\/in-search-of-essence-constantin-brancusi\/#article","isPartOf":{"@id":"https:\/\/romanianspring.com\/ro\/traditie-inovatie\/in-search-of-essence-constantin-brancusi\/"},"author":{"name":"RoSpring","@id":"https:\/\/romanianspring.com\/#\/schema\/person\/85f7e1f00362e050a72279ea62599781"},"headline":"\u00cen c\u0103utarea esen\u021bei: Constantin Br\u00e2ncu\u0219i","datePublished":"2016-02-16T16:21:30+00:00","dateModified":"2016-02-16T17:49:36+00:00","mainEntityOfPage":{"@id":"https:\/\/romanianspring.com\/ro\/traditie-inovatie\/in-search-of-essence-constantin-brancusi\/"},"wordCount":845,"commentCount":0,"publisher":{"@id":"https:\/\/romanianspring.com\/#organization"},"keywords":["somn","muza","pasare in spatiu","rugaciune","brancusi","sarutul","kiss","pestele","maiastra","muse","paris","prayer","targu jiu","esenta","cautare","coloana infinita","masa tacerii","intelepciune"],"articleSection":["Tradi\u021bie &amp; Inova\u021bie","Personalit\u0103\u021bi"],"inLanguage":"ro-RO","potentialAction":[{"@type":"CommentAction","name":"Comment","target":["https:\/\/romanianspring.com\/ro\/traditie-inovatie\/in-search-of-essence-constantin-brancusi\/#respond"]}]},{"@type":"Person","@id":"https:\/\/romanianspring.com\/#\/schema\/person\/85f7e1f00362e050a72279ea62599781","name":"RoSpring","image":{"@type":"ImageObject","inLanguage":"ro-RO","@id":"https:\/\/romanianspring.com\/#\/schema\/person\/image\/","url":"https:\/\/secure.gravatar.com\/avatar\/61a337e82de430e22bfdf4da05760536?s=96&d=mm&r=g","contentUrl":"https:\/\/secure.gravatar.com\/avatar\/61a337e82de430e22bfdf4da05760536?s=96&d=mm&r=g","caption":"RoSpring"},"url":"https:\/\/romanianspring.com\/ro\/author\/rospring\/"}]}},"_links":{"self":[{"href":"https:\/\/romanianspring.com\/ro\/wp-json\/wp\/v2\/posts\/763"}],"collection":[{"href":"https:\/\/romanianspring.com\/ro\/wp-json\/wp\/v2\/posts"}],"about":[{"href":"https:\/\/romanianspring.com\/ro\/wp-json\/wp\/v2\/types\/post"}],"author":[{"embeddable":true,"href":"https:\/\/romanianspring.com\/ro\/wp-json\/wp\/v2\/users\/9"}],"replies":[{"embeddable":true,"href":"https:\/\/romanianspring.com\/ro\/wp-json\/wp\/v2\/comments?post=763"}],"version-history":[{"count":6,"href":"https:\/\/romanianspring.com\/ro\/wp-json\/wp\/v2\/posts\/763\/revisions"}],"predecessor-version":[{"id":876,"href":"https:\/\/romanianspring.com\/ro\/wp-json\/wp\/v2\/posts\/763\/revisions\/876"}],"wp:featuredmedia":[{"embeddable":true,"href":"https:\/\/romanianspring.com\/ro\/wp-json\/wp\/v2\/media\/720"}],"wp:attachment":[{"href":"https:\/\/romanianspring.com\/ro\/wp-json\/wp\/v2\/media?parent=763"}],"wp:term":[{"taxonomy":"category","embeddable":true,"href":"https:\/\/romanianspring.com\/ro\/wp-json\/wp\/v2\/categories?post=763"},{"taxonomy":"post_tag","embeddable":true,"href":"https:\/\/romanianspring.com\/ro\/wp-json\/wp\/v2\/tags?post=763"}],"curies":[{"name":"wp","href":"https:\/\/api.w.org\/{rel}","templated":true}]}}