{"id":748,"date":"2016-02-16T16:09:09","date_gmt":"2016-02-16T16:09:09","guid":{"rendered":"http:\/\/romanianspring.com\/a\/ro\/uncategorized-ro\/midsummer-night-and-stealing-the-romanian-blouse\/"},"modified":"2016-03-30T15:04:13","modified_gmt":"2016-03-30T15:04:13","slug":"midsummer-night-and-stealing-the-romanian-blouse","status":"publish","type":"post","link":"http:\/\/romanianspring.com\/ro\/traditie-inovatie\/midsummer-night-and-stealing-the-romanian-blouse\/","title":{"rendered":"Noaptea de S\u00e2nziene \u015fi furtul iei"},"content":{"rendered":"<p class=\"p1\"><img loading=\"lazy\" class=\"aligncenter size-full wp-image-721\" src=\"http:\/\/romanianspring.com\/a\/wp-content\/uploads\/2015\/12\/sanziene-sorin-albu-photo1.jpg\" alt=\"sanziene-sorin-albu-photo1\" width=\"1125\" height=\"900\" srcset=\"http:\/\/romanianspring.com\/a\/wp-content\/uploads\/2015\/12\/sanziene-sorin-albu-photo1.jpg 1125w, http:\/\/romanianspring.com\/a\/wp-content\/uploads\/2015\/12\/sanziene-sorin-albu-photo1-500x400.jpg 500w, http:\/\/romanianspring.com\/a\/wp-content\/uploads\/2015\/12\/sanziene-sorin-albu-photo1-768x614.jpg 768w, http:\/\/romanianspring.com\/a\/wp-content\/uploads\/2015\/12\/sanziene-sorin-albu-photo1-1024x819.jpg 1024w\" sizes=\"(max-width: 1125px) 100vw, 1125px\" \/><\/p>\n<p class=\"p1\"><span class=\"s1\"><i>Swift as a shadow, short as any dream, brief as the lightning in the collied night\/\/ ca sunetul, ca umbra sau ca visul, ca fulgerul ce-o clip\u0103 sc\u00e2nteiaz\u0103, c\u0103 nici n-apuc\u0103 cineva s\u0103-l vaz\u0103\u2026* <\/i>Astfel caracterizeaz\u0103 Lysander \u00een <b><i>Visul unei Nop\u021bi de Var\u0103<\/i><\/b> shakespearian iubirea \u015fi fetele tinere \u00eenve\u015fm\u00e2ntate \u00een c\u0103m\u0103\u015fu\u0163e sub\u0163iri, purt\u00e2nd cununi galbene de flori de s\u00e2nziene pe cre\u015ftet, f\u0103pturi mitice, dans\u00e2nd \u00een noaptea Sf\u00e2ntului Ioan \u00een poieni \u015fi lunci sub clar de lun\u0103. <\/span><\/p>\n<p class=\"p1\"><span class=\"s1\"><i>Elfi, elbe<\/i> sau <i>albe<\/i> se numesc \u00een Europa de Nord sau \u00een cea Central\u0103, \u00een Germania, Anglia, Irlanda, Tara Galilor \u015fi Scandinavia, \u00een Tarile Baltice \u015fi Polonia. <i>Albele, dr\u0103gaicele, rusaliile, s\u00e2nzienele<\/i> \u2013 \u00een Rom\u00e2nia. <\/span><\/p>\n<p class=\"p1\"><span class=\"s1\">S\u0103rb\u0103torirea tradi\u0163ional\u0103 a nop\u0163ii \u201emiezului de var\u0103\u201c, ca noaptea cea mai de vraj\u0103 a anului, ca noapte a iubirii, \u00een care cerul se deschide \u015fi cascade de bucurie divin\u0103 se revars\u0103 asupra p\u0103m\u00e2ntenilor, provine, dup\u0103 cum se pare, din India \u2013 s\u0103 ne g\u00e2ndim la acea magic\u0103 s\u0103rb\u0103toare a culorilor, <i>Kumb-Mela<\/i>.<\/span><\/p>\n<p class=\"p1\"><img loading=\"lazy\" class=\"aligncenter size-full wp-image-722\" src=\"http:\/\/romanianspring.com\/a\/wp-content\/uploads\/2015\/12\/sanziene-sorin-albu-photo2.jpg\" alt=\"sanziene-sorin-albu-photo2\" width=\"900\" height=\"900\" srcset=\"http:\/\/romanianspring.com\/a\/wp-content\/uploads\/2015\/12\/sanziene-sorin-albu-photo2.jpg 900w, http:\/\/romanianspring.com\/a\/wp-content\/uploads\/2015\/12\/sanziene-sorin-albu-photo2-250x250.jpg 250w, http:\/\/romanianspring.com\/a\/wp-content\/uploads\/2015\/12\/sanziene-sorin-albu-photo2-500x500.jpg 500w, http:\/\/romanianspring.com\/a\/wp-content\/uploads\/2015\/12\/sanziene-sorin-albu-photo2-768x768.jpg 768w, http:\/\/romanianspring.com\/a\/wp-content\/uploads\/2015\/12\/sanziene-sorin-albu-photo2-150x150.jpg 150w\" sizes=\"(max-width: 900px) 100vw, 900px\" \/><\/p>\n<p class=\"p1\"><span class=\"s1\">\u00cen prezent, acest 24 iunie se serbeaz\u0103 mai cur\u00e2nd ca zi de na\u015ftere a S\u00e2ntului Ioan Botez\u0103torul, a\u015fa cum o sugereaz\u0103 Evanghelia dup\u0103 Luca.<\/span><\/p>\n<p class=\"p1\"><span class=\"s1\">Potrivit legendei, s\u00e2nzienele tr\u0103iesc \u00een v\u0103zduh, \u00een \u00eentunecimea codrului, \u00een pe\u015fteri, pe v\u00e2rfuri singuratice de munte. Uneori d\u0103n\u0163uiesc goale sub raze de lun\u0103 \u00een preajma unui izvor de munte, avertizeaz\u0103 drume\u0163ii, \u00eei ademenesc sau \u00eei \u00eenfrico\u015feaza. \u00cen Noaptea Sf\u00e2ntului Ioan \u00eens\u0103, (\u00een termeni populari <i>Noaptea de S\u00e2nziene<\/i>) \u2013 ele se prind \u00een hor\u0103, asemenea bacantelor, \u015fterpelind din l\u0103zile de zestre ale tinerilor rom\u00e2nce c\u00e2te o <i>ie <\/i>din borangic, ca singur \u015fi drag ve\u015fm\u00e2nt. <\/span><\/p>\n<p class=\"p1\"><span class=\"s1\">Arareori apar singure, mai \u00eentotdeauna \u00een grup. Uneori sunt numite \u015fi \u201e<i>iele<\/i>\u201c, o forma arhaic\u0103 a pluralui pronumelui \u201e<i>ea<\/i>\u201c. <i>Domni\u0163e, m\u00e2ndre, fiicele codrului, \u00eemp\u0103r\u0103tesele v\u0103zduhului<\/i> li se mai spune\u2026 Sunt tinere, sunt atr\u0103g\u0103toare, sunt seduc\u0103toare \u015fi\u2026 nemuritoare.<\/span><\/p>\n<p class=\"p1\"><span class=\"s1\">Dac\u0103 vreun fecior le prive\u015fte cu prea mult jind sau dac\u0103 sunt deranjate atunci, c\u00e2nd s-au prins deja \u00een hor\u0103, se transform\u0103 \u00een z\u00e2ne m\u00e2nioase \u015fi pline de r\u0103utate. Un poet oarecare asem\u0103na s\u00e2nzienele astfel a\u0163\u00e2\u0163ate cu furiile din mitologia roman\u0103.<\/span><\/p>\n<p class=\"p1\"><span class=\"s1\">\u00cen orice caz, ar fi bine ca fetele nem\u0103ritate s\u0103-\u015fi \u00eempleteasc\u0103 \u00een Noaptea Sf\u00e2ntului Ioan o cunun\u0103 din acele flori galbene, puternic mirositoare de <i>galium verum, <\/i>din<i> <\/i>acea buruian\u0103 a dorin\u0163ei, zis\u0103 \u015fi <i>floare de s\u00e2nzian<\/i>\u0103, \u015fi s\u0103 \u015fi-o pun\u0103 pe cre\u015ftet. <\/span><\/p>\n<p class=\"p1\"><span class=\"s1\">\u015e-apoi, \u00eenainte de culcare, s\u0103 v\u00e2re acea cunun\u0103 galben\u0103 sub pern\u0103 \u015fi s\u0103 \u00eembrace peste noapte o <i>ie<\/i>, acel ve\u015fm\u00e2nt transparent, at\u00e2t de r\u00e2vnit de s\u00e2nziene. <\/span><\/p>\n<p class=\"p1\"><img loading=\"lazy\" class=\"aligncenter size-full wp-image-723\" src=\"http:\/\/romanianspring.com\/a\/wp-content\/uploads\/2015\/12\/sanziene-sorin-albu-photo3.jpg\" alt=\"sanziene-sorin-albu-photo3\" width=\"900\" height=\"900\" srcset=\"http:\/\/romanianspring.com\/a\/wp-content\/uploads\/2015\/12\/sanziene-sorin-albu-photo3.jpg 900w, http:\/\/romanianspring.com\/a\/wp-content\/uploads\/2015\/12\/sanziene-sorin-albu-photo3-250x250.jpg 250w, http:\/\/romanianspring.com\/a\/wp-content\/uploads\/2015\/12\/sanziene-sorin-albu-photo3-500x500.jpg 500w, http:\/\/romanianspring.com\/a\/wp-content\/uploads\/2015\/12\/sanziene-sorin-albu-photo3-768x768.jpg 768w, http:\/\/romanianspring.com\/a\/wp-content\/uploads\/2015\/12\/sanziene-sorin-albu-photo3-150x150.jpg 150w\" sizes=\"(max-width: 900px) 100vw, 900px\" \/><\/p>\n<p class=\"p1\"><span class=\"s1\">Astfel \u00ee\u015fi vor visa ursitul \u015fi vor afla cu siguran\u0163\u0103 \u00een cur\u00e2nd Sf\u00e2nta Tain\u0103 a C\u0103s\u0103toriei&#8230;<\/span><\/p>\n<p class=\"p1\"><span class=\"s1\">\u201eDu-te soare, vino lun\u0103<br \/>\n<\/span><span class=\"s1\">pe s\u00e2nziene le \u00eembun\u0103<br \/>\n<\/span><span class=\"s1\">s\u0103 le creasc\u0103 floarea \u2013 floare<br \/>\n<\/span><span class=\"s1\">galben\u0103, mirositoare<br \/>\n<\/span><span class=\"s1\">fetele s\u0103 le adune<br \/>\n<\/span><span class=\"s1\">s\u0103 le prind\u0103 \u00een cunune\u2026\u201c<\/span><\/p>\n<p class=\"p1\"><span class=\"s1\">*citat din Shakespeare \u00een traducerea lui \u0218t.O.Iosif<\/span><\/p>\n<p class=\"p1\">Prezentare la\u00a0<span class=\"s1\"><span class=\"gray-link blue-link\"><a href=\"http:\/\/tinygriffon.com\/2015\/09\/die-johannisnacht-und-der-klau-der-ie-2\/?lang=de\">Tiny Griffon Gallery.<\/a><\/span><br \/>\n<\/span>Foto: Sorin Albu<\/p>\n","protected":false},"excerpt":{"rendered":"<p>Swift as a shadow, short as any dream, brief as the lightning in the collied night\/\/ ca sunetul, ca umbra sau ca visul, ca fulgerul ce-o clip\u0103 sc\u00e2nteiaz\u0103, c\u0103 nici n-apuc\u0103 cineva s\u0103-l vaz\u0103\u2026* Astfel caracterizeaz\u0103 Lysander \u00een Visul unei Nop\u021bi de Var\u0103 shakespearian iubirea \u015fi fetele tinere \u00eenve\u015fm\u00e2ntate \u00een c\u0103m\u0103\u015fu\u0163e sub\u0163iri, purt\u00e2nd cununi galbene <a class=\"read-more\" href=\"http:\/\/romanianspring.com\/ro\/traditie-inovatie\/midsummer-night-and-stealing-the-romanian-blouse\/\">Read More ><\/a><\/p>\n","protected":false},"author":11,"featured_media":721,"comment_status":"open","ping_status":"open","sticky":false,"template":"","format":"standard","meta":[],"categories":[30,52],"tags":[331,332,333,334,335,336,440,441,442],"yoast_head":"<!-- This site is optimized with the Yoast SEO plugin v19.4 - https:\/\/yoast.com\/wordpress\/plugins\/seo\/ -->\n<title>Noaptea de S\u00e2nziene \u015fi furtul iei - Romanian Spring<\/title>\n<meta name=\"robots\" content=\"index, follow, max-snippet:-1, max-image-preview:large, max-video-preview:-1\" \/>\n<link rel=\"canonical\" href=\"http:\/\/romanianspring.com\/ro\/traditie-inovatie\/midsummer-night-and-stealing-the-romanian-blouse\/\" \/>\n<meta property=\"og:locale\" content=\"ro_RO\" \/>\n<meta property=\"og:type\" content=\"article\" \/>\n<meta property=\"og:title\" content=\"Noaptea de S\u00e2nziene \u015fi furtul iei - Romanian Spring\" \/>\n<meta property=\"og:description\" content=\"Swift as a shadow, short as any dream, brief as the lightning in the collied night\/\/ ca sunetul, ca umbra sau ca visul, ca fulgerul ce-o clip\u0103 sc\u00e2nteiaz\u0103, c\u0103 nici n-apuc\u0103 cineva s\u0103-l vaz\u0103\u2026* Astfel caracterizeaz\u0103 Lysander \u00een Visul unei Nop\u021bi de Var\u0103 shakespearian iubirea \u015fi fetele tinere \u00eenve\u015fm\u00e2ntate \u00een c\u0103m\u0103\u015fu\u0163e sub\u0163iri, purt\u00e2nd cununi galbene Read More &gt;\" \/>\n<meta property=\"og:url\" content=\"http:\/\/romanianspring.com\/ro\/traditie-inovatie\/midsummer-night-and-stealing-the-romanian-blouse\/\" \/>\n<meta property=\"og:site_name\" content=\"Romanian Spring\" \/>\n<meta property=\"article:published_time\" content=\"2016-02-16T16:09:09+00:00\" \/>\n<meta property=\"article:modified_time\" content=\"2016-03-30T15:04:13+00:00\" \/>\n<meta property=\"og:image\" content=\"http:\/\/romanianspring.com\/a\/wp-content\/uploads\/2015\/12\/sanziene-sorin-albu-photo1.jpg\" \/>\n\t<meta property=\"og:image:width\" content=\"1125\" \/>\n\t<meta property=\"og:image:height\" content=\"900\" \/>\n\t<meta property=\"og:image:type\" content=\"image\/jpeg\" \/>\n<meta name=\"author\" content=\"Andrea Wisniowski\" \/>\n<meta name=\"twitter:card\" content=\"summary\" \/>\n<meta name=\"twitter:label1\" content=\"Scris de\" \/>\n\t<meta name=\"twitter:data1\" content=\"Andrea Wisniowski\" \/>\n\t<meta name=\"twitter:label2\" content=\"Timp estimat pentru citire\" \/>\n\t<meta name=\"twitter:data2\" content=\"3 minute\" \/>\n<script type=\"application\/ld+json\" class=\"yoast-schema-graph\">{\"@context\":\"https:\/\/schema.org\",\"@graph\":[{\"@type\":\"Organization\",\"@id\":\"http:\/\/romanianspring.com\/ro\/#organization\",\"name\":\"Romanian Spring\",\"url\":\"http:\/\/romanianspring.com\/ro\/\",\"sameAs\":[],\"logo\":{\"@type\":\"ImageObject\",\"inLanguage\":\"ro-RO\",\"@id\":\"http:\/\/romanianspring.com\/ro\/#\/schema\/logo\/image\/\",\"url\":\"http:\/\/romanianspring.com\/a\/wp-content\/uploads\/2015\/09\/New-icon-42-Short-Look.png\",\"contentUrl\":\"http:\/\/romanianspring.com\/a\/wp-content\/uploads\/2015\/09\/New-icon-42-Short-Look.png\",\"width\":196,\"height\":196,\"caption\":\"Romanian Spring\"},\"image\":{\"@id\":\"http:\/\/romanianspring.com\/ro\/#\/schema\/logo\/image\/\"}},{\"@type\":\"WebSite\",\"@id\":\"http:\/\/romanianspring.com\/ro\/#website\",\"url\":\"http:\/\/romanianspring.com\/ro\/\",\"name\":\"Romanian Spring\",\"description\":\"\",\"publisher\":{\"@id\":\"http:\/\/romanianspring.com\/ro\/#organization\"},\"potentialAction\":[{\"@type\":\"SearchAction\",\"target\":{\"@type\":\"EntryPoint\",\"urlTemplate\":\"http:\/\/romanianspring.com\/ro\/?s={search_term_string}\"},\"query-input\":\"required name=search_term_string\"}],\"inLanguage\":\"ro-RO\"},{\"@type\":\"WebPage\",\"@id\":\"http:\/\/romanianspring.com\/ro\/traditie-inovatie\/midsummer-night-and-stealing-the-romanian-blouse\/\",\"url\":\"http:\/\/romanianspring.com\/ro\/traditie-inovatie\/midsummer-night-and-stealing-the-romanian-blouse\/\",\"name\":\"Noaptea de S\u00e2nziene \u015fi furtul iei - Romanian Spring\",\"isPartOf\":{\"@id\":\"http:\/\/romanianspring.com\/ro\/#website\"},\"datePublished\":\"2016-02-16T16:09:09+00:00\",\"dateModified\":\"2016-03-30T15:04:13+00:00\",\"breadcrumb\":{\"@id\":\"http:\/\/romanianspring.com\/ro\/traditie-inovatie\/midsummer-night-and-stealing-the-romanian-blouse\/#breadcrumb\"},\"inLanguage\":\"ro-RO\",\"potentialAction\":[{\"@type\":\"ReadAction\",\"target\":[\"http:\/\/romanianspring.com\/ro\/traditie-inovatie\/midsummer-night-and-stealing-the-romanian-blouse\/\"]}]},{\"@type\":\"BreadcrumbList\",\"@id\":\"http:\/\/romanianspring.com\/ro\/traditie-inovatie\/midsummer-night-and-stealing-the-romanian-blouse\/#breadcrumb\",\"itemListElement\":[{\"@type\":\"ListItem\",\"position\":1,\"name\":\"Home\",\"item\":\"http:\/\/romanianspring.com\/ro\/\"},{\"@type\":\"ListItem\",\"position\":2,\"name\":\"Noaptea de S\u00e2nziene \u015fi furtul iei\"}]},{\"@type\":\"Article\",\"@id\":\"http:\/\/romanianspring.com\/ro\/traditie-inovatie\/midsummer-night-and-stealing-the-romanian-blouse\/#article\",\"isPartOf\":{\"@id\":\"http:\/\/romanianspring.com\/ro\/traditie-inovatie\/midsummer-night-and-stealing-the-romanian-blouse\/\"},\"author\":{\"name\":\"Andrea Wisniowski\",\"@id\":\"http:\/\/romanianspring.com\/ro\/#\/schema\/person\/374915790d828a935ba938c4bd508701\"},\"headline\":\"Noaptea de S\u00e2nziene \u015fi furtul iei\",\"datePublished\":\"2016-02-16T16:09:09+00:00\",\"dateModified\":\"2016-03-30T15:04:13+00:00\",\"mainEntityOfPage\":{\"@id\":\"http:\/\/romanianspring.com\/ro\/traditie-inovatie\/midsummer-night-and-stealing-the-romanian-blouse\/\"},\"wordCount\":546,\"commentCount\":0,\"publisher\":{\"@id\":\"http:\/\/romanianspring.com\/ro\/#organization\"},\"keywords\":[\"andrea wisniowski\",\"ie\",\"midsummer\",\"romanian blouse\",\"sanziene\",\"st john\",\"furtul iei\",\"cununa\",\"sf ioan\"],\"articleSection\":[\"Tradi\u021bie &amp; Inova\u021bie\",\"Istorie\"],\"inLanguage\":\"ro-RO\",\"potentialAction\":[{\"@type\":\"CommentAction\",\"name\":\"Comment\",\"target\":[\"http:\/\/romanianspring.com\/ro\/traditie-inovatie\/midsummer-night-and-stealing-the-romanian-blouse\/#respond\"]}]},{\"@type\":\"Person\",\"@id\":\"http:\/\/romanianspring.com\/ro\/#\/schema\/person\/374915790d828a935ba938c4bd508701\",\"name\":\"Andrea Wisniowski\",\"image\":{\"@type\":\"ImageObject\",\"inLanguage\":\"ro-RO\",\"@id\":\"http:\/\/romanianspring.com\/ro\/#\/schema\/person\/image\/\",\"url\":\"http:\/\/1.gravatar.com\/avatar\/4937436adcf0f649c6c7b410b185821f?s=96&d=mm&r=g\",\"contentUrl\":\"http:\/\/1.gravatar.com\/avatar\/4937436adcf0f649c6c7b410b185821f?s=96&d=mm&r=g\",\"caption\":\"Andrea Wisniowski\"},\"url\":\"http:\/\/romanianspring.com\/ro\/author\/andreawisniowski\/\"}]}<\/script>\n<!-- \/ Yoast SEO plugin. -->","yoast_head_json":{"title":"Noaptea de S\u00e2nziene \u015fi furtul iei - Romanian Spring","robots":{"index":"index","follow":"follow","max-snippet":"max-snippet:-1","max-image-preview":"max-image-preview:large","max-video-preview":"max-video-preview:-1"},"canonical":"http:\/\/romanianspring.com\/ro\/traditie-inovatie\/midsummer-night-and-stealing-the-romanian-blouse\/","og_locale":"ro_RO","og_type":"article","og_title":"Noaptea de S\u00e2nziene \u015fi furtul iei - Romanian Spring","og_description":"Swift as a shadow, short as any dream, brief as the lightning in the collied night\/\/ ca sunetul, ca umbra sau ca visul, ca fulgerul ce-o clip\u0103 sc\u00e2nteiaz\u0103, c\u0103 nici n-apuc\u0103 cineva s\u0103-l vaz\u0103\u2026* Astfel caracterizeaz\u0103 Lysander \u00een Visul unei Nop\u021bi de Var\u0103 shakespearian iubirea \u015fi fetele tinere \u00eenve\u015fm\u00e2ntate \u00een c\u0103m\u0103\u015fu\u0163e sub\u0163iri, purt\u00e2nd cununi galbene Read More >","og_url":"http:\/\/romanianspring.com\/ro\/traditie-inovatie\/midsummer-night-and-stealing-the-romanian-blouse\/","og_site_name":"Romanian Spring","article_published_time":"2016-02-16T16:09:09+00:00","article_modified_time":"2016-03-30T15:04:13+00:00","og_image":[{"width":1125,"height":900,"url":"http:\/\/romanianspring.com\/a\/wp-content\/uploads\/2015\/12\/sanziene-sorin-albu-photo1.jpg","type":"image\/jpeg"}],"author":"Andrea Wisniowski","twitter_card":"summary","twitter_misc":{"Scris de":"Andrea Wisniowski","Timp estimat pentru citire":"3 minute"},"schema":{"@context":"https:\/\/schema.org","@graph":[{"@type":"Organization","@id":"http:\/\/romanianspring.com\/ro\/#organization","name":"Romanian Spring","url":"http:\/\/romanianspring.com\/ro\/","sameAs":[],"logo":{"@type":"ImageObject","inLanguage":"ro-RO","@id":"http:\/\/romanianspring.com\/ro\/#\/schema\/logo\/image\/","url":"http:\/\/romanianspring.com\/a\/wp-content\/uploads\/2015\/09\/New-icon-42-Short-Look.png","contentUrl":"http:\/\/romanianspring.com\/a\/wp-content\/uploads\/2015\/09\/New-icon-42-Short-Look.png","width":196,"height":196,"caption":"Romanian Spring"},"image":{"@id":"http:\/\/romanianspring.com\/ro\/#\/schema\/logo\/image\/"}},{"@type":"WebSite","@id":"http:\/\/romanianspring.com\/ro\/#website","url":"http:\/\/romanianspring.com\/ro\/","name":"Romanian Spring","description":"","publisher":{"@id":"http:\/\/romanianspring.com\/ro\/#organization"},"potentialAction":[{"@type":"SearchAction","target":{"@type":"EntryPoint","urlTemplate":"http:\/\/romanianspring.com\/ro\/?s={search_term_string}"},"query-input":"required name=search_term_string"}],"inLanguage":"ro-RO"},{"@type":"WebPage","@id":"http:\/\/romanianspring.com\/ro\/traditie-inovatie\/midsummer-night-and-stealing-the-romanian-blouse\/","url":"http:\/\/romanianspring.com\/ro\/traditie-inovatie\/midsummer-night-and-stealing-the-romanian-blouse\/","name":"Noaptea de S\u00e2nziene \u015fi furtul iei - Romanian Spring","isPartOf":{"@id":"http:\/\/romanianspring.com\/ro\/#website"},"datePublished":"2016-02-16T16:09:09+00:00","dateModified":"2016-03-30T15:04:13+00:00","breadcrumb":{"@id":"http:\/\/romanianspring.com\/ro\/traditie-inovatie\/midsummer-night-and-stealing-the-romanian-blouse\/#breadcrumb"},"inLanguage":"ro-RO","potentialAction":[{"@type":"ReadAction","target":["http:\/\/romanianspring.com\/ro\/traditie-inovatie\/midsummer-night-and-stealing-the-romanian-blouse\/"]}]},{"@type":"BreadcrumbList","@id":"http:\/\/romanianspring.com\/ro\/traditie-inovatie\/midsummer-night-and-stealing-the-romanian-blouse\/#breadcrumb","itemListElement":[{"@type":"ListItem","position":1,"name":"Home","item":"http:\/\/romanianspring.com\/ro\/"},{"@type":"ListItem","position":2,"name":"Noaptea de S\u00e2nziene \u015fi furtul iei"}]},{"@type":"Article","@id":"http:\/\/romanianspring.com\/ro\/traditie-inovatie\/midsummer-night-and-stealing-the-romanian-blouse\/#article","isPartOf":{"@id":"http:\/\/romanianspring.com\/ro\/traditie-inovatie\/midsummer-night-and-stealing-the-romanian-blouse\/"},"author":{"name":"Andrea Wisniowski","@id":"http:\/\/romanianspring.com\/ro\/#\/schema\/person\/374915790d828a935ba938c4bd508701"},"headline":"Noaptea de S\u00e2nziene \u015fi furtul iei","datePublished":"2016-02-16T16:09:09+00:00","dateModified":"2016-03-30T15:04:13+00:00","mainEntityOfPage":{"@id":"http:\/\/romanianspring.com\/ro\/traditie-inovatie\/midsummer-night-and-stealing-the-romanian-blouse\/"},"wordCount":546,"commentCount":0,"publisher":{"@id":"http:\/\/romanianspring.com\/ro\/#organization"},"keywords":["andrea wisniowski","ie","midsummer","romanian blouse","sanziene","st john","furtul iei","cununa","sf ioan"],"articleSection":["Tradi\u021bie &amp; Inova\u021bie","Istorie"],"inLanguage":"ro-RO","potentialAction":[{"@type":"CommentAction","name":"Comment","target":["http:\/\/romanianspring.com\/ro\/traditie-inovatie\/midsummer-night-and-stealing-the-romanian-blouse\/#respond"]}]},{"@type":"Person","@id":"http:\/\/romanianspring.com\/ro\/#\/schema\/person\/374915790d828a935ba938c4bd508701","name":"Andrea Wisniowski","image":{"@type":"ImageObject","inLanguage":"ro-RO","@id":"http:\/\/romanianspring.com\/ro\/#\/schema\/person\/image\/","url":"http:\/\/1.gravatar.com\/avatar\/4937436adcf0f649c6c7b410b185821f?s=96&d=mm&r=g","contentUrl":"http:\/\/1.gravatar.com\/avatar\/4937436adcf0f649c6c7b410b185821f?s=96&d=mm&r=g","caption":"Andrea Wisniowski"},"url":"http:\/\/romanianspring.com\/ro\/author\/andreawisniowski\/"}]}},"_links":{"self":[{"href":"http:\/\/romanianspring.com\/ro\/wp-json\/wp\/v2\/posts\/748"}],"collection":[{"href":"http:\/\/romanianspring.com\/ro\/wp-json\/wp\/v2\/posts"}],"about":[{"href":"http:\/\/romanianspring.com\/ro\/wp-json\/wp\/v2\/types\/post"}],"author":[{"embeddable":true,"href":"http:\/\/romanianspring.com\/ro\/wp-json\/wp\/v2\/users\/11"}],"replies":[{"embeddable":true,"href":"http:\/\/romanianspring.com\/ro\/wp-json\/wp\/v2\/comments?post=748"}],"version-history":[{"count":5,"href":"http:\/\/romanianspring.com\/ro\/wp-json\/wp\/v2\/posts\/748\/revisions"}],"predecessor-version":[{"id":1104,"href":"http:\/\/romanianspring.com\/ro\/wp-json\/wp\/v2\/posts\/748\/revisions\/1104"}],"wp:featuredmedia":[{"embeddable":true,"href":"http:\/\/romanianspring.com\/ro\/wp-json\/wp\/v2\/media\/721"}],"wp:attachment":[{"href":"http:\/\/romanianspring.com\/ro\/wp-json\/wp\/v2\/media?parent=748"}],"wp:term":[{"taxonomy":"category","embeddable":true,"href":"http:\/\/romanianspring.com\/ro\/wp-json\/wp\/v2\/categories?post=748"},{"taxonomy":"post_tag","embeddable":true,"href":"http:\/\/romanianspring.com\/ro\/wp-json\/wp\/v2\/tags?post=748"}],"curies":[{"name":"wp","href":"https:\/\/api.w.org\/{rel}","templated":true}]}}